{"id":1882,"date":"2021-11-23T15:13:23","date_gmt":"2021-11-23T14:13:23","guid":{"rendered":"https:\/\/saint-arnac.fr\/?p=1882"},"modified":"2022-03-14T16:59:43","modified_gmt":"2022-03-14T15:59:43","slug":"un-vent-dinauguration-sur-saint-arnac","status":"publish","type":"post","link":"https:\/\/saint-arnac.fr\/index.php\/2021\/11\/23\/un-vent-dinauguration-sur-saint-arnac\/","title":{"rendered":"UN VENT D&rsquo;INAUGURATION SUR SAINT-ARNAC"},"content":{"rendered":"<div class=\"wpb-content-wrapper\"><p>[vc_row][vc_column][vc_column_text]<\/p>\r\n<figure class=\"wp-block-pullquote alignwide\">\r\n<blockquote>\r\n<p><em><span class=\"has-inline-color has-light-green-cyan-color\">Difficile de r\u00e9unir autant de personnalit\u00e9 au c\u0153ur de notre petit village. La pari se voulait os\u00e9 mais pas impossible ! <\/span><\/em><\/p>\r\n<\/blockquote>\r\n<\/figure>\r\n\r\n\r\n\r\n<figure class=\"wp-block-video\"><video style=\"aspect-ratio: 1280 \/ 590;\" src=\"https:\/\/saint-arnac.fr\/wp-content\/uploads\/2021\/11\/SVID_20211102_131516_1-1.mp4\" controls=\"controls\" width=\"1280\" height=\"590\"><\/video><\/figure>\r\n\r\n\r\n\r\n<pre class=\"wp-block-verse\">Fort de notre pouvoir de persuasion et partant du principe que \"<strong><em>vouloir c'est pouvoir<\/em><\/strong>\", notre qu\u00eate de r\u00e9ussite \u00e9tait une \u00e9vidence. \r\n\r\nC'est donc entour\u00e9s des s\u00e9nateurs, de nos conseillers d\u00e9partementaux, du pr\u00e9sident de la Communaut\u00e9 des Communes Agly-Fenouill\u00e8des, du Pr\u00e9sident du SIVM, de l'ensemble des Maires de la Communaut\u00e9 des Communes Agly-Fenouill\u00e8des et des Communes voisines ainsi que l'ensemble des artisans et repr\u00e9sentants des soci\u00e9t\u00e9s Enedis, Orange, Cr\u00e9dit Agricole, et surtout de nos Concitoyens que notre inauguration prenait tout son sens, comme le rappelait notre premier magistrat dans une de ses premi\u00e8res interventions : \" R\u00e9pondre aux besoins fondamentaux des femmes et des hommes\". \r\n\r\nC'est avec un immense honneur que les diff\u00e9rentes personnalit\u00e9s ont coup\u00e9 \u00e0 tour de r\u00f4le les rubans des projets de 2020 finalis\u00e9s. \r\n\r\nLa d\u00e9couverte d'une vid\u00e9o promotionnelle tourn\u00e9e sur la commune, pour notre plus grand bonheur, par la production FLODAMA, originaire des Pyr\u00e9n\u00e9es-Orientales, a concr\u00e9tis\u00e9 ces retrouvailles sur une touche artistique et humoristique. (Cliquer sur le bouton \"\u00e0 voir\" pour acc\u00e9der au teaser) \r\n\r\nAinsi, honor\u00e9e du succ\u00e8s de cette belle journ\u00e9e, notre municipalit\u00e9 ne pouvait \u00eatre que fi\u00e8re du r\u00e9sultat de cette pr\u00e9cieuse cons\u00e9cration.<\/pre>\r\n\r\n\r\n\r\n<div class=\"wp-block-group\"><div class=\"wp-block-group__inner-container is-layout-flow wp-block-group-is-layout-flow\">\u00a0<\/div><\/div>\r\n\r\n\r\n\r\n<div class=\"wp-block-buttons is-layout-flex wp-block-buttons-is-layout-flex\">\r\n<div class=\"wp-block-button is-style-outline is-style-outline--2\"><a class=\"wp-block-button__link\" href=\"https:\/\/saint-arnac.fr\/index.php\/2021\/11\/23\/iuuuuu\/\" target=\"_blank\" rel=\"noreferrer noopener\">\u00c0 voir <\/a><\/div>\r\n<p><\/p>\r\n<\/div>\r\n\r\n\r\n<hr class=\"wp-block-separator aligncenter\" \/>\r\n<p>[\/vc_column_text][vc_gallery interval=\u00a0\u00bb5&Prime; images=\u00a0\u00bb1910,1909,1908,1911,1912&Prime; img_size=\u00a0\u00bb700&#215;800&Prime; css_animation=\u00a0\u00bbleft-to-right\u00a0\u00bb][\/vc_column][\/vc_row]<\/p><\/div>","protected":false},"excerpt":{"rendered":"<p>Difficile de r\u00e9unir autant de personnalit\u00e9 au c\u0153ur de notre petit village. La pari se voulait os\u00e9 mais pas impossible ! Fort de notre pouvoir &#8230; <a class=\"cz_readmore\" href=\"https:\/\/saint-arnac.fr\/index.php\/2021\/11\/23\/un-vent-dinauguration-sur-saint-arnac\/\"><i class=\"fa czico-188-arrows-2\" aria-hidden=\"true\"><\/i><span>Read More<\/span><\/a><\/p>\n","protected":false},"author":2,"featured_media":1910,"comment_status":"open","ping_status":"open","sticky":false,"template":"","format":"standard","meta":{"_jetpack_memberships_contains_paid_content":false,"footnotes":""},"categories":[67],"tags":[70,71,73],"class_list":["post-1882","post","type-post","status-publish","format-standard","has-post-thumbnail","hentry","category-actualites","tag-france-3-catalan","tag-inauguration","tag-saint-arnac"],"jetpack_featured_media_url":"https:\/\/saint-arnac.fr\/wp-content\/uploads\/2021\/11\/processed-46f131c8-e55a-4fed-920f-107728797967_hRthyUxR-scaled.jpeg","jetpack_sharing_enabled":true,"_links":{"self":[{"href":"https:\/\/saint-arnac.fr\/index.php\/wp-json\/wp\/v2\/posts\/1882","targetHints":{"allow":["GET"]}}],"collection":[{"href":"https:\/\/saint-arnac.fr\/index.php\/wp-json\/wp\/v2\/posts"}],"about":[{"href":"https:\/\/saint-arnac.fr\/index.php\/wp-json\/wp\/v2\/types\/post"}],"author":[{"embeddable":true,"href":"https:\/\/saint-arnac.fr\/index.php\/wp-json\/wp\/v2\/users\/2"}],"replies":[{"embeddable":true,"href":"https:\/\/saint-arnac.fr\/index.php\/wp-json\/wp\/v2\/comments?post=1882"}],"version-history":[{"count":14,"href":"https:\/\/saint-arnac.fr\/index.php\/wp-json\/wp\/v2\/posts\/1882\/revisions"}],"predecessor-version":[{"id":1933,"href":"https:\/\/saint-arnac.fr\/index.php\/wp-json\/wp\/v2\/posts\/1882\/revisions\/1933"}],"wp:featuredmedia":[{"embeddable":true,"href":"https:\/\/saint-arnac.fr\/index.php\/wp-json\/wp\/v2\/media\/1910"}],"wp:attachment":[{"href":"https:\/\/saint-arnac.fr\/index.php\/wp-json\/wp\/v2\/media?parent=1882"}],"wp:term":[{"taxonomy":"category","embeddable":true,"href":"https:\/\/saint-arnac.fr\/index.php\/wp-json\/wp\/v2\/categories?post=1882"},{"taxonomy":"post_tag","embeddable":true,"href":"https:\/\/saint-arnac.fr\/index.php\/wp-json\/wp\/v2\/tags?post=1882"}],"curies":[{"name":"wp","href":"https:\/\/api.w.org\/{rel}","templated":true}]}}