{"id":1756,"date":"2021-01-16T09:23:08","date_gmt":"2021-01-16T08:23:08","guid":{"rendered":"https:\/\/saint-arnac.fr\/?p=1756"},"modified":"2021-04-06T18:32:04","modified_gmt":"2021-04-06T16:32:04","slug":"feter-noel-a-saint-arnac","status":"publish","type":"post","link":"https:\/\/saint-arnac.fr\/index.php\/2021\/01\/16\/feter-noel-a-saint-arnac\/","title":{"rendered":"F\u00eater No\u00ebl \u00e0 Saint-Arnac"},"content":{"rendered":"\n<p><p align=\"justify\">Derni\u00e8rement, les lumi\u00e8res des d\u00e9corations de la place du village se sont illumin\u00e9es pour accueillir les villageois. <\/p><\/p>\n\n\n\n<p><p align=\"justify\">En effet, le maire Guy Calvet et le conseil municipal ont invit\u00e9 tous leurs administr\u00e9s \u00e0 c\u00e9l\u00e9brer No\u00ebl. <\/p><\/p>\n\n\n\n<p><p align=\"justify\">Tout a commenc\u00e9 par la d\u00e9coration du village et l\u2019id\u00e9e audacieuse de transformer le traditionnel ap\u00e9ritif donn\u00e9 \u00e0 la salle des f\u00eates, rendu impossible par la situation sanitaire, par un go\u00fbter de No\u00ebl f\u00e9erique sur la place. <\/p><\/p>\n\n\n\n<p><p align=\"justify\">Ce moment a r\u00e9uni tout un village autour d\u2019un instant simple de partage. Les petits lutins, les bonnes \u00e2mes quels que soient leurs noms se sont mobilis\u00e9s pour rendre possible ce moment suspendu. <\/p><\/p>\n\n\n\n<figure class=\"wp-block-image size-large is-style-rounded\"><img decoding=\"async\" width=\"937\" height=\"703\" src=\"https:\/\/saint-arnac.fr\/wp-content\/uploads\/2021\/01\/Image2.jpg\" alt=\"\" class=\"wp-image-1758\" srcset=\"https:\/\/saint-arnac.fr\/wp-content\/uploads\/2021\/01\/Image2.jpg 937w, https:\/\/saint-arnac.fr\/wp-content\/uploads\/2021\/01\/Image2-300x225.jpg 300w, https:\/\/saint-arnac.fr\/wp-content\/uploads\/2021\/01\/Image2-768x576.jpg 768w, https:\/\/saint-arnac.fr\/wp-content\/uploads\/2021\/01\/Image2-80x60.jpg 80w, https:\/\/saint-arnac.fr\/wp-content\/uploads\/2021\/01\/Image2-600x450.jpg 600w\" sizes=\"(max-width: 937px) 100vw, 937px\" \/><\/figure>\n\n\n\n<p><p align=\"justify\">La c\u00e9r\u00e9monie a d\u00e9but\u00e9 par un discours du premier magistrat revenant sur la mise en place de l\u2019op\u00e9ration et saluant les diff\u00e9rents intervenants pour leur implication, les gestes barri\u00e8res et \u00e0 chacun de profiter de cette f\u00eate exceptionnelle. <\/p><\/p>\n\n\n\n<p><p align=\"justify\">Le P\u00e8re No\u00ebl ayant d\u00e9j\u00e0 d\u00e9pos\u00e9 au pied de chaque arbre d\u00e9cor\u00e9 par les enfants et portant leur nom, un paquet-cadeau. Pour les a\u00een\u00e9s, de jolis colis. <\/p><\/p>\n\n\n\n<p><p align=\"justify\">Pour tous masqu\u00e9s et \u00e0 distance, avec des chants traditionnels et contemporains, une d\u00e9gustation d\u2019hu\u00eetres, de vin blanc, de gaufres, de chocolat et de vin chaud mettant \u00e0 l\u2019honneur des producteurs locaux. <\/p><\/p>\n\n\n\n<p><p align=\"justify\">Devant l\u2019enthousiasme soulev\u00e9 pour rendre possible ce beau moment, la mobilisation devrait se poursuivre, le maire souhaitant am\u00e9liorer encore ce rendez-vous annuel.<\/p><\/p>\n\n\n\n<p>M.F.<\/p>\n","protected":false},"excerpt":{"rendered":"<p>Derni\u00e8rement, les lumi\u00e8res des d\u00e9corations de la place du village se sont illumin\u00e9es pour accueillir les villageois. En effet, le maire Guy Calvet et le conseil &#8230; <a class=\"cz_readmore\" href=\"https:\/\/saint-arnac.fr\/index.php\/2021\/01\/16\/feter-noel-a-saint-arnac\/\"><i class=\"fa czico-188-arrows-2\" aria-hidden=\"true\"><\/i><span>Read More<\/span><\/a><\/p>\n","protected":false},"author":2,"featured_media":1757,"comment_status":"open","ping_status":"open","sticky":false,"template":"","format":"standard","meta":{"_jetpack_memberships_contains_paid_content":false,"footnotes":""},"categories":[67],"tags":[],"class_list":["post-1756","post","type-post","status-publish","format-standard","has-post-thumbnail","hentry","category-actualites"],"jetpack_featured_media_url":"https:\/\/saint-arnac.fr\/wp-content\/uploads\/2021\/01\/Image1.jpg","jetpack_sharing_enabled":true,"_links":{"self":[{"href":"https:\/\/saint-arnac.fr\/index.php\/wp-json\/wp\/v2\/posts\/1756","targetHints":{"allow":["GET"]}}],"collection":[{"href":"https:\/\/saint-arnac.fr\/index.php\/wp-json\/wp\/v2\/posts"}],"about":[{"href":"https:\/\/saint-arnac.fr\/index.php\/wp-json\/wp\/v2\/types\/post"}],"author":[{"embeddable":true,"href":"https:\/\/saint-arnac.fr\/index.php\/wp-json\/wp\/v2\/users\/2"}],"replies":[{"embeddable":true,"href":"https:\/\/saint-arnac.fr\/index.php\/wp-json\/wp\/v2\/comments?post=1756"}],"version-history":[{"count":4,"href":"https:\/\/saint-arnac.fr\/index.php\/wp-json\/wp\/v2\/posts\/1756\/revisions"}],"predecessor-version":[{"id":1762,"href":"https:\/\/saint-arnac.fr\/index.php\/wp-json\/wp\/v2\/posts\/1756\/revisions\/1762"}],"wp:featuredmedia":[{"embeddable":true,"href":"https:\/\/saint-arnac.fr\/index.php\/wp-json\/wp\/v2\/media\/1757"}],"wp:attachment":[{"href":"https:\/\/saint-arnac.fr\/index.php\/wp-json\/wp\/v2\/media?parent=1756"}],"wp:term":[{"taxonomy":"category","embeddable":true,"href":"https:\/\/saint-arnac.fr\/index.php\/wp-json\/wp\/v2\/categories?post=1756"},{"taxonomy":"post_tag","embeddable":true,"href":"https:\/\/saint-arnac.fr\/index.php\/wp-json\/wp\/v2\/tags?post=1756"}],"curies":[{"name":"wp","href":"https:\/\/api.w.org\/{rel}","templated":true}]}}